{"id":1610,"date":"2014-08-26T08:42:11","date_gmt":"2014-08-26T07:42:11","guid":{"rendered":"http:\/\/www.carlottastermaria.fr\/blog\/?p=1610"},"modified":"2019-01-05T20:57:43","modified_gmt":"2019-01-05T19:57:43","slug":"variations-sur-le-meme-taime-2","status":"publish","type":"post","link":"https:\/\/carlotta.land\/index.php\/fr\/2014\/08\/26\/variations-sur-le-meme-taime-2\/","title":{"rendered":"Variations sur le m\u00eame t&#8217;aime &#8211; 2"},"content":{"rendered":"<p style=\"text-align: justify;\"><img loading=\"lazy\" class=\"wp-image-2771 aligncenter\" src=\"https:\/\/i1.wp.com\/carlotta.land\/wp-content\/uploads\/2014\/08\/M0002649_c.jpg?resize=578%2C867\" alt=\"\" width=\"578\" height=\"867\" data-recalc-dims=\"1\" \/><\/p>\n<p style=\"text-align: justify;\">Je crois l&#8217;avoir d\u00e9j\u00e0 dit ici, je suis plut\u00f4t\u00a0routini\u00e8re\u00a0: relire un livre, revoir un film, recoudre le m\u00eame patron de couture ne me d\u00e9range nullement ; au contraire : pass\u00e9 le moment de la d\u00e9couverte, j&#8217;appr\u00e9cie d&#8217;autant plus d\u00e9tails, figures de style, structure du r\u00e9cit (comme <a title=\"Je ne sais pas choisir\" href=\"http:\/\/www.jenesaispaschoisir.com\/\" target=\"_blank\" rel=\"noopener\">Juliette<\/a>, je suis d&#8217;ailleurs en train de relire l&#8217;int\u00e9grale des p\u00e9rip\u00e9ties de l&#8217;ami Harry : r\u00e9gressif et d\u00e9licieux)&#8230; De fa\u00e7on plus pragmatique, dans le cas de la couture, la r\u00e9p\u00e9tition me permet d&#8217;exp\u00e9rimenter et de\u00a0progresser _ je ne me trouve pas tr\u00e8s bonne couturi\u00e8re. Par un hasard int\u00e9ressant, c&#8217;est donc encore\u00a0une version de la m\u00eame robe au d\u00e9collet\u00e9 <em>en coeur<\/em> que j&#8217;ai arbor\u00e9e\u00a0\u00e0 un\u00a0<em>mariage<\/em>, d&#8217;o\u00f9 le titre tr\u00e8s Gainsbourg\/Paradis de cette s\u00e9rie.\u00a0<!--more--><\/p>\n<p style=\"text-align: justify;\"><img loading=\"lazy\" class=\" wp-image-2770 aligncenter\" src=\"https:\/\/i1.wp.com\/carlotta.land\/wp-content\/uploads\/2014\/08\/M0002637_c.jpg?resize=573%2C860\" alt=\"\" width=\"573\" height=\"860\" data-recalc-dims=\"1\" \/><\/p>\n<p style=\"text-align: justify;\">Fou comme un patron peut changer d&#8217;esprit selon sa r\u00e9alisation : autant <a title=\"Variations sur le m\u00eame t\u2019aime \u2013 1\" href=\"http:\/\/carlotta.land\/index.php\/fr\/2014\/07\/28\/variations-sur-le-meme-taime-1\/\" target=\"_blank\" rel=\"noopener\">sa pr\u00e9c\u00e9dente incarnation<\/a>\u00a0me donne perp\u00e9tuellement l&#8217;impression d&#8217;\u00eatre <em>overdressed<\/em> (m\u00eame \u00e0 un mariage dans un ch\u00e2teau), autant pour sa petite soeur, bien plus simple, j&#8217;ai craint d&#8217;\u00eatre un peu trop relax (\u00e7a n&#8217;\u00e9tait pourtant pas le cas). Si cette version\u00a0n&#8217;\u00e9tait, pour une raison absolument inexpliqu\u00e9e, bien plus \u00e9troite du buste que mes autres d\u00e9clinaisons, je la porterais beaucoup\u00a0plus souvent&#8230;<\/p>\n<p style=\"text-align: justify;\"><img loading=\"lazy\" class=\" wp-image-2772 aligncenter\" src=\"https:\/\/i1.wp.com\/carlotta.land\/wp-content\/uploads\/2014\/08\/M0002656_c.jpg?resize=584%2C389\" alt=\"\" width=\"584\" height=\"389\" srcset=\"https:\/\/i1.wp.com\/carlotta.land\/wp-content\/uploads\/2014\/08\/M0002656_c.jpg?resize=300%2C200&amp;ssl=1 300w, https:\/\/i1.wp.com\/carlotta.land\/wp-content\/uploads\/2014\/08\/M0002656_c.jpg?resize=768%2C513&amp;ssl=1 768w, https:\/\/i1.wp.com\/carlotta.land\/wp-content\/uploads\/2014\/08\/M0002656_c.jpg?resize=1024%2C684&amp;ssl=1 1024w, https:\/\/i1.wp.com\/carlotta.land\/wp-content\/uploads\/2014\/08\/M0002656_c.jpg?w=1600&amp;ssl=1 1600w, https:\/\/i1.wp.com\/carlotta.land\/wp-content\/uploads\/2014\/08\/M0002656_c.jpg?w=1240 1240w\" sizes=\"(max-width: 584px) 100vw, 584px\" data-recalc-dims=\"1\" \/><\/p>\n<p style=\"text-align: justify;\">Elle combine en effet tous les d\u00e9tails n\u00e9cessaires pour\u00a0devenir cette petite robe que l&#8217;on reporte d&#8217;\u00e9t\u00e9 en \u00e9t\u00e9 (elle s&#8217;int\u00e9grerait d&#8217;ailleurs tr\u00e8s bien dans <a title=\"La valise d\u2019un voyage imaginaire\" href=\"http:\/\/carlotta.land\/index.php\/fr\/2011\/06\/13\/la-valise-dun-voyage-imaginaire\/\" target=\"_blank\" rel=\"noopener\">cette valise<\/a>, qui commence pourtant \u00e0 dater), et dont on ne veut jamais se d\u00e9partir : j&#8217;ai d\u00e9j\u00e0 \u00e9voqu\u00e9 la taille ajust\u00e9e et le d\u00e9collet\u00e9 en coeur (mon pr\u00e9f\u00e9r\u00e9), fini d&#8217;un biais Liberty que je suis seule \u00e0 voir, mais j&#8217;aime aussi sa couleur rouge et son d\u00e9licat imprim\u00e9, dont je n&#8217;ai toujours pas d\u00e9cid\u00e9 de s&#8217;il s&#8217;agissait de petits coeurs ou de p\u00e9tales.<\/p>\n<p><img loading=\"lazy\" class=\" wp-image-2773 aligncenter\" src=\"https:\/\/i1.wp.com\/carlotta.land\/wp-content\/uploads\/2014\/08\/M0002665_c.jpg?resize=571%2C857\" alt=\"\" width=\"571\" height=\"857\" data-recalc-dims=\"1\" \/><\/p>\n<p style=\"text-align: justify;\">Enfin, peut-on s&#8217;arr\u00eater sur le d\u00e9tail qui finit tout : son ourlet brod\u00e9? Chaque personne \u00e0 qui j&#8217;ai fi\u00e8rement claironn\u00e9 : &#8220;C&#8217;est moi qui ai fait ma robe!&#8221; s&#8217;est exclam\u00e9 &#8220;c&#8217;est toi qui as fait \u00c7A?&#8221; en le\u00a0montrant du doigt. Ennuyeux pour mon ego (&#8220;Non, je n&#8217;ai fait que la coudre\u00a0_ Oui le tissu \u00e9tait d\u00e9j\u00e0 tout fait&#8221;), mais certainement flatteur\u00a0pour ma petite\u00a0robe d&#8217;\u00e9t\u00e9.<\/p>\n<p style=\"text-align: justify;\"><em>Photos de <a title=\"Noctvrna\" href=\"http:\/\/www.noctvrna.com\" target=\"_blank\" rel=\"noopener\">Madhya<\/a> &#8211; les couleurs primaires du Centre Pompidou s&#8217;accordaient exceptionnellement bien \u00e0 ma robe ce jour-l\u00e0&#8230;<\/em><\/p>\n<p style=\"text-align: justify;\">\n","protected":false},"excerpt":{"rendered":"<p>Je crois l&#8217;avoir d\u00e9j\u00e0 dit ici, je suis plut\u00f4t\u00a0routini\u00e8re\u00a0: relire un livre, revoir un film, recoudre le m\u00eame patron de couture ne me d\u00e9range nullement ; au contraire : pass\u00e9 le moment de la d\u00e9couverte, j&#8217;appr\u00e9cie d&#8217;autant plus d\u00e9tails, figures de style, structure du r\u00e9cit (comme Juliette, je suis d&#8217;ailleurs en train de relire l&#8217;int\u00e9grale<a class=\"more-link\" href=\"https:\/\/carlotta.land\/index.php\/fr\/2014\/08\/26\/variations-sur-le-meme-taime-2\/\">Continue reading <span class=\"screen-reader-text\">&#8220;Variations sur le m\u00eame t&#8217;aime &#8211; 2&#8221;<\/span><\/a><\/p>\n","protected":false},"author":2,"featured_media":2769,"comment_status":"open","ping_status":"open","sticky":false,"template":"","format":"standard","meta":[],"categories":[2],"tags":[90,114,141,192,268,333,337],"jetpack_featured_media_url":"https:\/\/i0.wp.com\/carlotta.land\/wp-content\/uploads\/2014\/08\/M0002635_c.jpg?fit=1600%2C1069&ssl=1","_links":{"self":[{"href":"https:\/\/carlotta.land\/index.php\/wp-json\/wp\/v2\/posts\/1610"}],"collection":[{"href":"https:\/\/carlotta.land\/index.php\/wp-json\/wp\/v2\/posts"}],"about":[{"href":"https:\/\/carlotta.land\/index.php\/wp-json\/wp\/v2\/types\/post"}],"author":[{"embeddable":true,"href":"https:\/\/carlotta.land\/index.php\/wp-json\/wp\/v2\/users\/2"}],"replies":[{"embeddable":true,"href":"https:\/\/carlotta.land\/index.php\/wp-json\/wp\/v2\/comments?post=1610"}],"version-history":[{"count":3,"href":"https:\/\/carlotta.land\/index.php\/wp-json\/wp\/v2\/posts\/1610\/revisions"}],"predecessor-version":[{"id":2774,"href":"https:\/\/carlotta.land\/index.php\/wp-json\/wp\/v2\/posts\/1610\/revisions\/2774"}],"wp:featuredmedia":[{"embeddable":true,"href":"https:\/\/carlotta.land\/index.php\/wp-json\/wp\/v2\/media\/2769"}],"wp:attachment":[{"href":"https:\/\/carlotta.land\/index.php\/wp-json\/wp\/v2\/media?parent=1610"}],"wp:term":[{"taxonomy":"category","embeddable":true,"href":"https:\/\/carlotta.land\/index.php\/wp-json\/wp\/v2\/categories?post=1610"},{"taxonomy":"post_tag","embeddable":true,"href":"https:\/\/carlotta.land\/index.php\/wp-json\/wp\/v2\/tags?post=1610"}],"curies":[{"name":"wp","href":"https:\/\/api.w.org\/{rel}","templated":true}]}}