{"id":1657,"date":"2014-10-07T08:30:48","date_gmt":"2014-10-07T07:30:48","guid":{"rendered":"http:\/\/www.carlottastermaria.fr\/blog\/?p=1657"},"modified":"2018-07-08T09:52:49","modified_gmt":"2018-07-08T07:52:49","slug":"variation-sur-le-meme-taime-3","status":"publish","type":"post","link":"https:\/\/carlotta.land\/index.php\/fr\/2014\/10\/07\/variation-sur-le-meme-taime-3\/","title":{"rendered":"Variation sur le m\u00eame t&#8217;aime &#8211; 3"},"content":{"rendered":"<p style=\"text-align: justify;\">Et oui, apr\u00e8s la <a title=\"Variations sur le m\u00eame t\u2019aime \u2013 1\" href=\"http:\/\/carlotta.land\/index.php\/fr\/2014\/07\/28\/variations-sur-le-meme-taime-1\/\" target=\"_blank\" rel=\"noopener\">rose<\/a> et la <a title=\"Variations sur le m\u00eame t\u2019aime \u2013 2\" href=\"http:\/\/carlotta.land\/index.php\/fr\/2014\/08\/26\/variations-sur-le-meme-taime-2\/\" target=\"_blank\" rel=\"noopener\">rouge<\/a>, il y en avait donc une troisi\u00e8me&#8230; Difficile de ne pas trop se r\u00e9p\u00e9ter \u00e0 chaque fois tant tout a d\u00e9j\u00e0 \u00e9t\u00e9 dit sur ce patron, sa ligne en coeur, etc. Ajoutons simplement que\u00a0je porte tr\u00e8s peu de v\u00eatements noirs et blancs : \u00e0 cause de leur contraste, je leur trouve trop de &#8220;charisme&#8221; pour vraiment me mettre en valeur ;\u00a0une question me revient souvent\u00a0:\u00a0est-ce la fille qui porte la robe, ou bien la robe qui porte la fille\u00a0(surprenante r\u00e9flexion, par ailleurs, de la part de quelqu&#8217;un dont la garde-robe ressemble assez \u00e0 un nuancier Pantone)?\u00a0Mais ces jolies fleurs \u00e9taient trop tentantes, dans un esprit dolce-vita-film-en-noir-et-blanc-de-toute-fa\u00e7on&#8230;<!--more--><\/p>\n<p style=\"text-align: justify;\"><img loading=\"lazy\" class=\"aligncenter wp-image-2487 size-large\" src=\"https:\/\/i2.wp.com\/carlotta.land\/wp-content\/uploads\/2014\/10\/M0003489_c-1.jpg?resize=525%2C786\" alt=\"\" width=\"525\" height=\"786\" srcset=\"https:\/\/i2.wp.com\/carlotta.land\/wp-content\/uploads\/2014\/10\/M0003489_c-1.jpg?resize=684%2C1024&amp;ssl=1 684w, https:\/\/i2.wp.com\/carlotta.land\/wp-content\/uploads\/2014\/10\/M0003489_c-1.jpg?resize=200%2C300&amp;ssl=1 200w, https:\/\/i2.wp.com\/carlotta.land\/wp-content\/uploads\/2014\/10\/M0003489_c-1.jpg?resize=768%2C1149&amp;ssl=1 768w, https:\/\/i2.wp.com\/carlotta.land\/wp-content\/uploads\/2014\/10\/M0003489_c-1.jpg?w=1069&amp;ssl=1 1069w\" sizes=\"(max-width: 525px) 100vw, 525px\" data-recalc-dims=\"1\" \/>De toute cette s\u00e9rie de robes, c&#8217;est la plus facile \u00e0 porter. Comme elle \u00e9tait trop flottante\u00a0\u00e0 mon go\u00fbt, je l&#8217;ai smock\u00e9e au fil \u00e9lastique : elle est d\u00e9sormais parfaitement ajust\u00e9e\u00a0et j&#8217;envisage encore de lui faire une dizaine de petites soeurs, au cas o\u00f9 les pr\u00e9c\u00e9dentes ne m&#8217;auraient pas encore tout \u00e0 fait suffi,\u00a0car\u00a0je n&#8217;imagine pas de meilleure tenue d&#8217;\u00e9t\u00e9. La suite \u00e0 la prochaine belle saison!<\/p>\n<p style=\"text-align: justify;\"><img loading=\"lazy\" class=\"aligncenter wp-image-2490 size-large\" src=\"https:\/\/i2.wp.com\/carlotta.land\/wp-content\/uploads\/2014\/10\/M0003507-1.jpg?resize=525%2C786\" alt=\"\" width=\"525\" height=\"786\" srcset=\"https:\/\/i2.wp.com\/carlotta.land\/wp-content\/uploads\/2014\/10\/M0003507-1.jpg?resize=684%2C1024&amp;ssl=1 684w, https:\/\/i2.wp.com\/carlotta.land\/wp-content\/uploads\/2014\/10\/M0003507-1.jpg?resize=200%2C300&amp;ssl=1 200w, https:\/\/i2.wp.com\/carlotta.land\/wp-content\/uploads\/2014\/10\/M0003507-1.jpg?resize=768%2C1149&amp;ssl=1 768w, https:\/\/i2.wp.com\/carlotta.land\/wp-content\/uploads\/2014\/10\/M0003507-1.jpg?w=1069&amp;ssl=1 1069w\" sizes=\"(max-width: 525px) 100vw, 525px\" data-recalc-dims=\"1\" \/>Photos de <a title=\"Noctvrna photography\" href=\"http:\/\/www.noctvrna.com\" target=\"_blank\" rel=\"noopener\">Noctvrna<\/a>. Le mod\u00e8le tient \u00e0 vous pr\u00e9ciser que son vaccin contre le t\u00e9tanos est \u00e0 jour _\u00a0elle esp\u00e8re que le v\u00f4tre l&#8217;est aussi _\u00a0et qu&#8217;elle ne prend donc pas trop de risques \u00e0 poser dans les rosiers !<\/p>\n<p style=\"text-align: justify;\">\n","protected":false},"excerpt":{"rendered":"<p>Et oui, apr\u00e8s la rose et la rouge, il y en avait donc une troisi\u00e8me&#8230; Difficile de ne pas trop se r\u00e9p\u00e9ter \u00e0 chaque fois tant tout a d\u00e9j\u00e0 \u00e9t\u00e9 dit sur ce patron, sa ligne en coeur, etc. Ajoutons simplement que\u00a0je porte tr\u00e8s peu de v\u00eatements noirs et blancs : \u00e0 cause de leur<a class=\"more-link\" href=\"https:\/\/carlotta.land\/index.php\/fr\/2014\/10\/07\/variation-sur-le-meme-taime-3\/\">Continue reading <span class=\"screen-reader-text\">&#8220;Variation sur le m\u00eame t&#8217;aime &#8211; 3&#8221;<\/span><\/a><\/p>\n","protected":false},"author":2,"featured_media":2488,"comment_status":"open","ping_status":"open","sticky":false,"template":"","format":"standard","meta":[],"categories":[2],"tags":[56,104,114,214,259],"jetpack_featured_media_url":"https:\/\/i2.wp.com\/carlotta.land\/wp-content\/uploads\/2014\/10\/M0003482-1.jpg?fit=1069%2C1600&ssl=1","_links":{"self":[{"href":"https:\/\/carlotta.land\/index.php\/wp-json\/wp\/v2\/posts\/1657"}],"collection":[{"href":"https:\/\/carlotta.land\/index.php\/wp-json\/wp\/v2\/posts"}],"about":[{"href":"https:\/\/carlotta.land\/index.php\/wp-json\/wp\/v2\/types\/post"}],"author":[{"embeddable":true,"href":"https:\/\/carlotta.land\/index.php\/wp-json\/wp\/v2\/users\/2"}],"replies":[{"embeddable":true,"href":"https:\/\/carlotta.land\/index.php\/wp-json\/wp\/v2\/comments?post=1657"}],"version-history":[{"count":4,"href":"https:\/\/carlotta.land\/index.php\/wp-json\/wp\/v2\/posts\/1657\/revisions"}],"predecessor-version":[{"id":2486,"href":"https:\/\/carlotta.land\/index.php\/wp-json\/wp\/v2\/posts\/1657\/revisions\/2486"}],"wp:featuredmedia":[{"embeddable":true,"href":"https:\/\/carlotta.land\/index.php\/wp-json\/wp\/v2\/media\/2488"}],"wp:attachment":[{"href":"https:\/\/carlotta.land\/index.php\/wp-json\/wp\/v2\/media?parent=1657"}],"wp:term":[{"taxonomy":"category","embeddable":true,"href":"https:\/\/carlotta.land\/index.php\/wp-json\/wp\/v2\/categories?post=1657"},{"taxonomy":"post_tag","embeddable":true,"href":"https:\/\/carlotta.land\/index.php\/wp-json\/wp\/v2\/tags?post=1657"}],"curies":[{"name":"wp","href":"https:\/\/api.w.org\/{rel}","templated":true}]}}