{"id":84,"date":"2011-01-23T23:50:21","date_gmt":"2011-01-23T23:50:21","guid":{"rendered":"http:\/\/carlottastermaria.wordpress.com\/?p=84"},"modified":"2018-05-26T21:55:27","modified_gmt":"2018-05-26T19:55:27","slug":"un-printemps-davance","status":"publish","type":"post","link":"https:\/\/carlotta.land\/index.php\/fr\/2011\/01\/23\/un-printemps-davance\/","title":{"rendered":"Un printemps d&#8217;avance"},"content":{"rendered":"<p style=\"text-align: justify;\"><a href=\"http:\/\/carlottastermaria.files.wordpress.com\/2011\/01\/palette-de-printemps.png?resize=620%2C473\"><img loading=\"lazy\" class=\"aligncenter size-full wp-image-85\" title=\"palette-de-printemps\" src=\"http:\/\/carlottastermaria.files.wordpress.com\/2011\/01\/palette-de-printemps.png?resize=620%2C473\" alt=\"\" width=\"620\" height=\"473\" data-recalc-dims=\"1\" \/><\/a><\/p>\n<p style=\"text-align: justify;\">Ce n&#8217;est pas parce que je n&#8217;\u00e9cris pas ici que je ne couds ni ne cogite : il ne manque \u00e0 mon pyjama d&#8217;homme que des boutonni\u00e8res et un \u00e9lastique, je suis d\u00e9sormais en possession d&#8217;une nouvelle jupe d&#8217;hiver (doubl\u00e9e, s&#8217;il vous pla\u00eet) et j&#8217;ai d\u00e9cid\u00e9 de participer au <a href=\"http:\/\/www.colettepatterns.com\/blog\/colette-patterns-news\/welcome-to-the-spring-palette-challenge\"><em>Spring palette challenge<\/em> de Colette patterns<\/a>, qui correspond assez bien \u00e0 mes envies de garde-robe coh\u00e9rente. La premi\u00e8re \u00e9tape, pour cette semaine : se choisir une palette (d&#8217;o\u00f9 le nom, donc) comme point de d\u00e9part d&#8217;une mini-collection saisonni\u00e8re, histoire de coudre des v\u00eatements qui aillent ensemble, pour une fois.<\/p>\n<p style=\"text-align: justify;\">Bref : devant la pile de coupons stock\u00e9e dans mon placard, j&#8217;ai jou\u00e9 au styliste qui se rend au salon Premi\u00e8re vision, et c&#8217;\u00e9tait ma foi assez amusant. Ce n&#8217;est qu&#8217;apr\u00e8s avoir fait mon choix que je me suis rendu compte que mes couleurs correspondaient assez bien \u00e0 ces vieux lookbooks A.P.C., que j&#8217;avais oubli\u00e9s sur mon disque dur. Des myst\u00e8res de l&#8217;inspiration&#8230; Une affaire \u00e0 suivre.<\/p>\n<p style=\"text-align: justify;\">\n","protected":false},"excerpt":{"rendered":"<p>Ce n&#8217;est pas parce que je n&#8217;\u00e9cris pas ici que je ne couds ni ne cogite : il ne manque \u00e0 mon pyjama d&#8217;homme que des boutonni\u00e8res et un \u00e9lastique, je suis d\u00e9sormais en possession d&#8217;une nouvelle jupe d&#8217;hiver (doubl\u00e9e, s&#8217;il vous pla\u00eet) et j&#8217;ai d\u00e9cid\u00e9 de participer au Spring palette challenge de Colette patterns,<a class=\"more-link\" href=\"https:\/\/carlotta.land\/index.php\/fr\/2011\/01\/23\/un-printemps-davance\/\">Continue reading <span class=\"screen-reader-text\">&#8220;Un printemps d&#8217;avance&#8221;<\/span><\/a><\/p>\n","protected":false},"author":2,"featured_media":0,"comment_status":"open","ping_status":"open","sticky":false,"template":"","format":"standard","meta":[],"categories":[2],"tags":[40,82,142,294],"jetpack_featured_media_url":"","_links":{"self":[{"href":"https:\/\/carlotta.land\/index.php\/wp-json\/wp\/v2\/posts\/84"}],"collection":[{"href":"https:\/\/carlotta.land\/index.php\/wp-json\/wp\/v2\/posts"}],"about":[{"href":"https:\/\/carlotta.land\/index.php\/wp-json\/wp\/v2\/types\/post"}],"author":[{"embeddable":true,"href":"https:\/\/carlotta.land\/index.php\/wp-json\/wp\/v2\/users\/2"}],"replies":[{"embeddable":true,"href":"https:\/\/carlotta.land\/index.php\/wp-json\/wp\/v2\/comments?post=84"}],"version-history":[{"count":1,"href":"https:\/\/carlotta.land\/index.php\/wp-json\/wp\/v2\/posts\/84\/revisions"}],"predecessor-version":[{"id":2321,"href":"https:\/\/carlotta.land\/index.php\/wp-json\/wp\/v2\/posts\/84\/revisions\/2321"}],"wp:attachment":[{"href":"https:\/\/carlotta.land\/index.php\/wp-json\/wp\/v2\/media?parent=84"}],"wp:term":[{"taxonomy":"category","embeddable":true,"href":"https:\/\/carlotta.land\/index.php\/wp-json\/wp\/v2\/categories?post=84"},{"taxonomy":"post_tag","embeddable":true,"href":"https:\/\/carlotta.land\/index.php\/wp-json\/wp\/v2\/tags?post=84"}],"curies":[{"name":"wp","href":"https:\/\/api.w.org\/{rel}","templated":true}]}}