{"id":948,"date":"2011-09-12T11:47:48","date_gmt":"2011-09-12T09:47:48","guid":{"rendered":"http:\/\/carlottastermaria.fr\/blog\/?p=948"},"modified":"2019-01-05T16:58:40","modified_gmt":"2019-01-05T15:58:40","slug":"le-charme-acidule-de-la-bourgeoisie","status":"publish","type":"post","link":"https:\/\/carlotta.land\/index.php\/fr\/2011\/09\/12\/le-charme-acidule-de-la-bourgeoisie\/","title":{"rendered":"Le charme acidul\u00e9 de la bourgeoisie"},"content":{"rendered":"<p style=\"text-align: justify;\"><img loading=\"lazy\" class=\"wp-image-2735 aligncenter\" src=\"https:\/\/i2.wp.com\/carlotta.land\/wp-content\/uploads\/2011\/09\/fall-palette.png?resize=609%2C453\" alt=\"\" width=\"609\" height=\"453\" srcset=\"https:\/\/i2.wp.com\/carlotta.land\/wp-content\/uploads\/2011\/09\/fall-palette.png?resize=300%2C223&amp;ssl=1 300w, https:\/\/i2.wp.com\/carlotta.land\/wp-content\/uploads\/2011\/09\/fall-palette.png?resize=768%2C571&amp;ssl=1 768w, https:\/\/i2.wp.com\/carlotta.land\/wp-content\/uploads\/2011\/09\/fall-palette.png?resize=1024%2C762&amp;ssl=1 1024w, https:\/\/i2.wp.com\/carlotta.land\/wp-content\/uploads\/2011\/09\/fall-palette.png?w=1199&amp;ssl=1 1199w\" sizes=\"(max-width: 609px) 100vw, 609px\" data-recalc-dims=\"1\" \/><\/p>\n<p style=\"text-align: justify;\">J&#8217;ai une confession \u00e0 faire : je suis quelque peu fascin\u00e9e par le clich\u00e9 parisien de la vraie-fausse bourgeoise, genre incarn\u00e9 par Catherine Deneuve, photographi\u00e9 par Helmut Newton, et bien s\u00fbr habill\u00e9 par Yves Saint-Laurent. \u00c7a n&#8217;est un secret pour personne que la grande r\u00e9trospective de ce dernier a probablement influenc\u00e9 les collections de cet automne, dont pour mon grand plaisir, le curseur pointe \u00e0 nouveau vers les ann\u00e9es soixante-dix. D&#8217;ailleurs, apr\u00e8s l&#8217;expo YSL Rive Gauche de ce printemps et la biographie du couturier lue cet \u00e9t\u00e9, j&#8217;avoue \u00eatre de toute fa\u00e7on en plein trip Saint-Laurent. Comme j&#8217;ai encore pas mal de <a href=\"http:\/\/www.carlottastermaria.fr\/blog\/?p=46\" target=\"_blank\" rel=\"noopener\">r\u00e9solutions<\/a> couture \u00e0 tenir (et besoin de quelques trucs \u00e0 me mettre sur le dos), ce sont ses couleurs flamboyantes que j&#8217;ai choisies pour me lancer dans une nouvelle petite collection capsule pour cet automne.<\/p>\n<p style=\"text-align: justify;\"><img loading=\"lazy\" class=\" wp-image-2736 aligncenter\" src=\"https:\/\/i0.wp.com\/carlotta.land\/wp-content\/uploads\/2011\/09\/Fall-sewing.png?resize=527%2C353\" alt=\"\" width=\"527\" height=\"353\" srcset=\"https:\/\/i0.wp.com\/carlotta.land\/wp-content\/uploads\/2011\/09\/Fall-sewing.png?resize=300%2C201&amp;ssl=1 300w, https:\/\/i0.wp.com\/carlotta.land\/wp-content\/uploads\/2011\/09\/Fall-sewing.png?resize=768%2C515&amp;ssl=1 768w, https:\/\/i0.wp.com\/carlotta.land\/wp-content\/uploads\/2011\/09\/Fall-sewing.png?w=971&amp;ssl=1 971w\" sizes=\"(max-width: 527px) 100vw, 527px\" data-recalc-dims=\"1\" \/><\/p>\n<p style=\"text-align: justify;\">C\u00f4t\u00e9 silhouette, en revanche, je vais curieusement \u00e0 contre-sens de mon go\u00fbt pour les seventies ; c&#8217;est probablement d\u00fb \u00e0 ma r\u00e9cente d\u00e9couverte de la taille haute, et j&#8217;ai plut\u00f4t envie de m\u00ealer cette palette acide \u00e0 des formes sages emprunt\u00e9es au tournant entre ann\u00e9es cinquante et soixante que je commence \u00e0 tant aimer ; je crois bien que mon ic\u00f4ne automnale est plut\u00f4t la petite Catherine Deneuve des <em>Parapluies de Cherbourg<\/em> que la Faye Dunawaye des <em>Yeux de Laura Mars<\/em>. Pourtant, ordinairement, qui pr\u00e9f\u00e8rerait la fille-m\u00e8re de province \u00e0 la photographe sexy ?<\/p>\n<p style=\"text-align: justify;\">\n","protected":false},"excerpt":{"rendered":"<p>J&#8217;ai une confession \u00e0 faire : je suis quelque peu fascin\u00e9e par le clich\u00e9 parisien de la vraie-fausse bourgeoise, genre incarn\u00e9 par Catherine Deneuve, photographi\u00e9 par Helmut Newton, et bien s\u00fbr habill\u00e9 par Yves Saint-Laurent. \u00c7a n&#8217;est un secret pour personne que la grande r\u00e9trospective de ce dernier a probablement influenc\u00e9 les collections de cet<a class=\"more-link\" href=\"https:\/\/carlotta.land\/index.php\/fr\/2011\/09\/12\/le-charme-acidule-de-la-bourgeoisie\/\">Continue reading <span class=\"screen-reader-text\">&#8220;Le charme acidul\u00e9 de la bourgeoisie&#8221;<\/span><\/a><\/p>\n","protected":false},"author":2,"featured_media":0,"comment_status":"open","ping_status":"open","sticky":false,"template":"","format":"standard","meta":[],"categories":[2,12],"tags":[35,37,64,141,142,170,338],"jetpack_featured_media_url":"","_links":{"self":[{"href":"https:\/\/carlotta.land\/index.php\/wp-json\/wp\/v2\/posts\/948"}],"collection":[{"href":"https:\/\/carlotta.land\/index.php\/wp-json\/wp\/v2\/posts"}],"about":[{"href":"https:\/\/carlotta.land\/index.php\/wp-json\/wp\/v2\/types\/post"}],"author":[{"embeddable":true,"href":"https:\/\/carlotta.land\/index.php\/wp-json\/wp\/v2\/users\/2"}],"replies":[{"embeddable":true,"href":"https:\/\/carlotta.land\/index.php\/wp-json\/wp\/v2\/comments?post=948"}],"version-history":[{"count":2,"href":"https:\/\/carlotta.land\/index.php\/wp-json\/wp\/v2\/posts\/948\/revisions"}],"predecessor-version":[{"id":2737,"href":"https:\/\/carlotta.land\/index.php\/wp-json\/wp\/v2\/posts\/948\/revisions\/2737"}],"wp:attachment":[{"href":"https:\/\/carlotta.land\/index.php\/wp-json\/wp\/v2\/media?parent=948"}],"wp:term":[{"taxonomy":"category","embeddable":true,"href":"https:\/\/carlotta.land\/index.php\/wp-json\/wp\/v2\/categories?post=948"},{"taxonomy":"post_tag","embeddable":true,"href":"https:\/\/carlotta.land\/index.php\/wp-json\/wp\/v2\/tags?post=948"}],"curies":[{"name":"wp","href":"https:\/\/api.w.org\/{rel}","templated":true}]}}